{"id":1,"date":"2026-07-20T20:17:48","date_gmt":"2026-07-20T20:17:48","guid":{"rendered":"https:\/\/aepinhel.org\/site\/?p=1"},"modified":"2026-08-11T13:42:16","modified_gmt":"2026-08-11T13:42:16","slug":"tomada-de-posse","status":"publish","type":"post","link":"https:\/\/aepinhel.org\/site\/2026\/07\/20\/tomada-de-posse\/","title":{"rendered":"Tomada de Posse do Diretor do Agrupamento de Escolas de Pinhel"},"content":{"rendered":"\n<div class=\"wp-block-group\"><div class=\"wp-block-group__inner-container is-layout-constrained wp-block-group-is-layout-constrained\">\n<p class=\"wp-block-paragraph\">Ant\u00f3nio Marques, eleito para a dire\u00e7\u00e3o do Agrupamento de Escolas de Pinhel, no passado dia 22 de junho, tomou posse na tarde de 20 de julho. O novo diretor encara o cargo como uma miss\u00e3o c\u00edvica e assume que tem pela frente tempos exigentes, marcados por transforma\u00e7\u00f5es no sistema educativo.<\/p>\n\n\n\n<p class=\"wp-block-paragraph\">O Agrupamento passar\u00e1 a ter quatro pilares fundamentais:<\/p>\n\n\n\n<ul class=\"wp-block-list\">\n<li>Primeiro, e o pilar mais importante de todos: <strong>Uma Escola Feliz.<\/strong> Este ser\u00e1 o maior foco ao longo deste mandato. Ningu\u00e9m aprende verdadeiramente, ningu\u00e9m ensina com paix\u00e3o e ningu\u00e9m trabalha com dedica\u00e7\u00e3o num lugar onde n\u00e3o se sinta bem. <\/li>\n\n\n\n<li>Segundo: <strong>A centralidade no aluno.<\/strong> A escola existe por eles e para eles. O foco ser\u00e1 sempre garantir o sucesso escolar, mas nunca apenas numa vis\u00e3o de ensino que se limite a notas e exames. A miss\u00e3o ser\u00e1 formar cidad\u00e3os inteiros: cr\u00edticos, aut\u00f3nomos, solid\u00e1rios e preparados para um mundo em constante mudan\u00e7a. <\/li>\n\n\n\n<li>Terceiro: <strong>A valoriza\u00e7\u00e3o e uni\u00e3o da equipa.<\/strong> Um Diretor n\u00e3o faz nada sozinho. O sucesso deste Agrupamento depende do trabalho em rede e da qualidade dos nossos recursos humanos. Conta-se com o profissionalismo, a experi\u00eancia e a resili\u00eancia dos nossos professores e educadores, que todos os dias d\u00e3o o seu melhor nas salas de aula. E conta-se, com o mesmo grau de import\u00e2ncia, com o trabalho insubstitu\u00edvel do pessoal n\u00e3o docente \u2014 assistentes operacionais e t\u00e9cnicos \u2014, que s\u00e3o o rosto da organiza\u00e7\u00e3o e garantem o bom funcionamento di\u00e1rio das nossas instala\u00e7\u00f5es. <\/li>\n\n\n\n<li>Quarto e \u00faltimo: <strong>A abertura \u00e0 comunidade e parcerias estrat\u00e9gicas.<\/strong> O Agrupamento de Escolas de Pinhel n\u00e3o pode ser uma ilha fechada sobre si mesma. A educa\u00e7\u00e3o \u00e9 uma responsabilidade partilhada por toda a sociedade. A liga\u00e7\u00e3o sobretudo com a autarquia local, com o tecido empresarial, com as institui\u00e7\u00f5es sociais e culturais da regi\u00e3o e, acima de tudo, com os pais e encarregados de educa\u00e7\u00e3o \u00e9 vital. Queremos uma comunidade educativa participativa, onde as fam\u00edlias entrem na escola e fa\u00e7am parte das decis\u00f5es e da vida dos seus filhos.<\/li>\n<\/ul>\n<\/div><\/div>\n\n\n\n<p class=\"wp-block-paragraph\"><\/p>\n","protected":false},"excerpt":{"rendered":"<p>Ant\u00f3nio Marques, eleito para a dire\u00e7\u00e3o do Agrupamento de Escolas de Pinhel, no passado dia 22 de junho, tomou posse na tarde de 20 de julho. O novo diretor encara o cargo como uma miss\u00e3o c\u00edvica e assume que tem pela frente tempos exigentes, marcados por transforma\u00e7\u00f5es no sistema educativo. O Agrupamento passar\u00e1 a ter [&hellip;]<\/p>\n","protected":false},"author":1,"featured_media":180,"comment_status":"closed","ping_status":"closed","sticky":false,"template":"","format":"gallery","meta":{"pagelayer_contact_templates":[],"_pagelayer_content":"","footnotes":""},"categories":[1],"tags":[],"class_list":["post-1","post","type-post","status-publish","format-gallery","has-post-thumbnail","hentry","category-informacoes","post_format-post-format-gallery"],"_links":{"self":[{"href":"https:\/\/aepinhel.org\/site\/wp-json\/wp\/v2\/posts\/1","targetHints":{"allow":["GET"]}}],"collection":[{"href":"https:\/\/aepinhel.org\/site\/wp-json\/wp\/v2\/posts"}],"about":[{"href":"https:\/\/aepinhel.org\/site\/wp-json\/wp\/v2\/types\/post"}],"author":[{"embeddable":true,"href":"https:\/\/aepinhel.org\/site\/wp-json\/wp\/v2\/users\/1"}],"replies":[{"embeddable":true,"href":"https:\/\/aepinhel.org\/site\/wp-json\/wp\/v2\/comments?post=1"}],"version-history":[{"count":5,"href":"https:\/\/aepinhel.org\/site\/wp-json\/wp\/v2\/posts\/1\/revisions"}],"predecessor-version":[{"id":186,"href":"https:\/\/aepinhel.org\/site\/wp-json\/wp\/v2\/posts\/1\/revisions\/186"}],"wp:featuredmedia":[{"embeddable":true,"href":"https:\/\/aepinhel.org\/site\/wp-json\/wp\/v2\/media\/180"}],"wp:attachment":[{"href":"https:\/\/aepinhel.org\/site\/wp-json\/wp\/v2\/media?parent=1"}],"wp:term":[{"taxonomy":"category","embeddable":true,"href":"https:\/\/aepinhel.org\/site\/wp-json\/wp\/v2\/categories?post=1"},{"taxonomy":"post_tag","embeddable":true,"href":"https:\/\/aepinhel.org\/site\/wp-json\/wp\/v2\/tags?post=1"}],"curies":[{"name":"wp","href":"https:\/\/api.w.org\/{rel}","templated":true}]}}