{"id":284,"date":"2026-07-30T06:18:57","date_gmt":"2026-07-30T06:18:57","guid":{"rendered":"https:\/\/aepinhel.org\/site\/?p=284"},"modified":"2026-08-20T06:24:43","modified_gmt":"2026-08-20T06:24:43","slug":"1-o-premio-recreios-com-vida-eco-escolas","status":"publish","type":"post","link":"https:\/\/aepinhel.org\/site\/2026\/07\/30\/1-o-premio-recreios-com-vida-eco-escolas\/","title":{"rendered":"1.\u00ba PR\u00c9MIO | Recreios com Vida \u2013 Eco-Escolas"},"content":{"rendered":"\n<div class=\"wp-block-group\"><div class=\"wp-block-group__inner-container is-layout-constrained wp-block-group-is-layout-constrained\">\n<p class=\"wp-block-paragraph\">O nosso Agrupamento celebra, com enorme orgulho, a conquista do <strong>1.\u00ba Pr\u00e9mio Nacional no desafio \u201cRecreios com Vida\u201d<\/strong>, no \u00e2mbito do Eco-Escolas, com a atividade \u201cA Viagem de Ulisses\u201d, realizada no Dia do Pluralismo e da Diversidade Cultural.<br>Os alunos do 6.\u00ba ano viveram uma verdadeira viagem interdisciplinar, cruzando desde o Portugu\u00eas, a Matem\u00e1tica, o Ingl\u00eas, at\u00e9 \u00e0 Cidadania, onde os jogos j\u00e1 pintados nos nossos recreios pela anterior equipa do Eco-Escolas, associaram o movimento e a cultura e se tornaram numa experi\u00eancia de aprendizagem ativa, inclusiva e colaborativa.<br>Este 1.\u00ba Pr\u00e9mio \u00e9 de todos!<br>S\u00f3 foi poss\u00edvel gra\u00e7as ao envolvimento, criatividade, dedica\u00e7\u00e3o e colabora\u00e7\u00e3o dos alunos, professores e de toda a comunidade educativa ao longo dos \u00faltimos anos, que transformaram o recreio num espa\u00e7o de aprendizagem, encontro, cidadania e celebra\u00e7\u00e3o da diversidade.<br>Parab\u00e9ns aos nossos alunos e a todos os que tornaram esta \u201cViagem de Ulisses\u201d uma viagem inesquec\u00edvel!<\/p>\n<\/div><\/div>\n\n\n\n<p class=\"wp-block-paragraph\"><\/p>\n","protected":false},"excerpt":{"rendered":"<p>O nosso Agrupamento celebra, com enorme orgulho, a conquista do 1.\u00ba Pr\u00e9mio Nacional no desafio \u201cRecreios com Vida\u201d, no \u00e2mbito do Eco-Escolas, com a atividade \u201cA Viagem de Ulisses\u201d, realizada no Dia do Pluralismo e da Diversidade Cultural.Os alunos do 6.\u00ba ano viveram uma verdadeira viagem interdisciplinar, cruzando desde o Portugu\u00eas, a Matem\u00e1tica, o Ingl\u00eas, [&hellip;]<\/p>\n","protected":false},"author":1,"featured_media":456,"comment_status":"closed","ping_status":"closed","sticky":false,"template":"","format":"gallery","meta":{"pagelayer_contact_templates":[],"_pagelayer_content":"","footnotes":""},"categories":[8,1],"tags":[],"class_list":["post-284","post","type-post","status-publish","format-gallery","has-post-thumbnail","hentry","category-eco-escolas","category-informacoes","post_format-post-format-gallery"],"_links":{"self":[{"href":"https:\/\/aepinhel.org\/site\/wp-json\/wp\/v2\/posts\/284","targetHints":{"allow":["GET"]}}],"collection":[{"href":"https:\/\/aepinhel.org\/site\/wp-json\/wp\/v2\/posts"}],"about":[{"href":"https:\/\/aepinhel.org\/site\/wp-json\/wp\/v2\/types\/post"}],"author":[{"embeddable":true,"href":"https:\/\/aepinhel.org\/site\/wp-json\/wp\/v2\/users\/1"}],"replies":[{"embeddable":true,"href":"https:\/\/aepinhel.org\/site\/wp-json\/wp\/v2\/comments?post=284"}],"version-history":[{"count":2,"href":"https:\/\/aepinhel.org\/site\/wp-json\/wp\/v2\/posts\/284\/revisions"}],"predecessor-version":[{"id":458,"href":"https:\/\/aepinhel.org\/site\/wp-json\/wp\/v2\/posts\/284\/revisions\/458"}],"wp:featuredmedia":[{"embeddable":true,"href":"https:\/\/aepinhel.org\/site\/wp-json\/wp\/v2\/media\/456"}],"wp:attachment":[{"href":"https:\/\/aepinhel.org\/site\/wp-json\/wp\/v2\/media?parent=284"}],"wp:term":[{"taxonomy":"category","embeddable":true,"href":"https:\/\/aepinhel.org\/site\/wp-json\/wp\/v2\/categories?post=284"},{"taxonomy":"post_tag","embeddable":true,"href":"https:\/\/aepinhel.org\/site\/wp-json\/wp\/v2\/tags?post=284"}],"curies":[{"name":"wp","href":"https:\/\/api.w.org\/{rel}","templated":true}]}}