{"id":459,"date":"2026-07-23T06:27:02","date_gmt":"2026-07-23T06:27:02","guid":{"rendered":"https:\/\/aepinhel.org\/site\/?p=459"},"modified":"2026-08-20T06:33:41","modified_gmt":"2026-08-20T06:33:41","slug":"provas-de-aptidao-profissional","status":"publish","type":"post","link":"https:\/\/aepinhel.org\/site\/2026\/07\/23\/provas-de-aptidao-profissional\/","title":{"rendered":"Provas de Aptid\u00e3o Profissional"},"content":{"rendered":"\n<div class=\"wp-block-group\"><div class=\"wp-block-group__inner-container is-layout-constrained wp-block-group-is-layout-constrained\">\n<p class=\"wp-block-paragraph\">Chegou ao fim mais uma etapa fundamental no percurso dos nossos alunos! Decorreram com enorme sucesso as apresenta\u00e7\u00f5es das Provas de Aptid\u00e3o Profissional (PAP) dos cursos:<br>\ud83c\udfac T\u00e9cnico de Multim\u00e9dia<br>\ud83d\udee1\ufe0f T\u00e9cnico de Prote\u00e7\u00e3o Civil<br>Foi um dia de demonstra\u00e7\u00e3o de talento, rigor, empenho e de todo o conhecimento adquirido ao longo desta jornada. Desde projetos criativos e inovadores no mundo digital e audiovisual, at\u00e9 planos rigorosos de preven\u00e7\u00e3o, seguran\u00e7a e socorro, os nossos alunos provaram estar mais do que preparados para os desafios do mundo do trabalho! <br>MUITOS PARAB\u00c9NS A TODOS OS NOSSOS ALUNOS! <br>Um agradecimento especial aos professores, orientadores, elementos do j\u00fari e fam\u00edlias que acompanharam e apoiaram todo este processo.<br>Estamos profundamente orgulhosos do vosso percurso. O futuro \u00e9 vosso \u2014 voem alto! <\/p>\n<\/div><\/div>\n\n\n\n<p class=\"wp-block-paragraph\"><\/p>\n","protected":false},"excerpt":{"rendered":"<p>Chegou ao fim mais uma etapa fundamental no percurso dos nossos alunos! Decorreram com enorme sucesso as apresenta\u00e7\u00f5es das Provas de Aptid\u00e3o Profissional (PAP) dos cursos:\ud83c\udfac T\u00e9cnico de Multim\u00e9dia\ud83d\udee1\ufe0f T\u00e9cnico de Prote\u00e7\u00e3o CivilFoi um dia de demonstra\u00e7\u00e3o de talento, rigor, empenho e de todo o conhecimento adquirido ao longo desta jornada. Desde projetos criativos e [&hellip;]<\/p>\n","protected":false},"author":1,"featured_media":460,"comment_status":"closed","ping_status":"closed","sticky":false,"template":"","format":"gallery","meta":{"pagelayer_contact_templates":[],"_pagelayer_content":"","footnotes":""},"categories":[11,1],"tags":[],"class_list":["post-459","post","type-post","status-publish","format-gallery","has-post-thumbnail","hentry","category-cursos-profissionais","category-informacoes","post_format-post-format-gallery"],"_links":{"self":[{"href":"https:\/\/aepinhel.org\/site\/wp-json\/wp\/v2\/posts\/459","targetHints":{"allow":["GET"]}}],"collection":[{"href":"https:\/\/aepinhel.org\/site\/wp-json\/wp\/v2\/posts"}],"about":[{"href":"https:\/\/aepinhel.org\/site\/wp-json\/wp\/v2\/types\/post"}],"author":[{"embeddable":true,"href":"https:\/\/aepinhel.org\/site\/wp-json\/wp\/v2\/users\/1"}],"replies":[{"embeddable":true,"href":"https:\/\/aepinhel.org\/site\/wp-json\/wp\/v2\/comments?post=459"}],"version-history":[{"count":1,"href":"https:\/\/aepinhel.org\/site\/wp-json\/wp\/v2\/posts\/459\/revisions"}],"predecessor-version":[{"id":461,"href":"https:\/\/aepinhel.org\/site\/wp-json\/wp\/v2\/posts\/459\/revisions\/461"}],"wp:featuredmedia":[{"embeddable":true,"href":"https:\/\/aepinhel.org\/site\/wp-json\/wp\/v2\/media\/460"}],"wp:attachment":[{"href":"https:\/\/aepinhel.org\/site\/wp-json\/wp\/v2\/media?parent=459"}],"wp:term":[{"taxonomy":"category","embeddable":true,"href":"https:\/\/aepinhel.org\/site\/wp-json\/wp\/v2\/categories?post=459"},{"taxonomy":"post_tag","embeddable":true,"href":"https:\/\/aepinhel.org\/site\/wp-json\/wp\/v2\/tags?post=459"}],"curies":[{"name":"wp","href":"https:\/\/api.w.org\/{rel}","templated":true}]}}